{"id":694,"date":"2024-11-05T20:08:32","date_gmt":"2024-11-05T20:08:32","guid":{"rendered":"https:\/\/news.jmprocommunitymedia.org\/?p=694"},"modified":"2025-05-05T20:45:06","modified_gmt":"2025-05-05T20:45:06","slug":"blue-ridge-parkway-reabre-seis-millas-adicionales-cerca-de-las-rutas-151-y-276-de-carolina-del-norte","status":"publish","type":"post","link":"https:\/\/news.jmprocommunitymedia.org\/?p=694","title":{"rendered":"Blue Ridge Parkway reabre seis millas adicionales cerca de las rutas 151 y 276 de Carolina del Norte"},"content":{"rendered":"\n<p><em>El Servicio de Parques Nacionales ha reabierto seis millas adicionales de la Blue Ridge Parkway, desde la milla 405.5, cerca de la Ruta 151, hasta la milla 411.8 en la Ruta 276, en Carolina del Norte. Este tramo es parte de una extensi\u00f3n reciente y ampl\u00eda la ruta abierta, aunque \u00e1reas de picnic y campamentos permanecen cerrados por la temporada 2024.<\/em><\/p>\n\n\n\n<p><em>Se recuerda a los visitantes que el \u00e1rea al norte de la milla 405.5 sigue cerrada debido a un deslizamiento de tierra. Con las recientes afectaciones por el hurac\u00e1n Helene, se recomienda precauci\u00f3n en caminos y senderos, ya que podr\u00edan presentar riesgos por deslizamientos y \u00e1rboles ca\u00eddos. Mant\u00e9nganse informados y respeten las se\u00f1ales de cierre por su seguridad.<\/em><\/p>\n\n\n\n<figure class=\"wp-block-image size-large\"><img fetchpriority=\"high\" decoding=\"async\" width=\"1024\" height=\"574\" src=\"https:\/\/news.jmprocommunitymedia.org\/wp-content\/uploads\/2024\/11\/image-10-1024x574.png\" alt=\"\" class=\"wp-image-695\" srcset=\"https:\/\/news.jmprocommunitymedia.org\/wp-content\/uploads\/2024\/11\/image-10-1024x574.png 1024w, https:\/\/news.jmprocommunitymedia.org\/wp-content\/uploads\/2024\/11\/image-10-768x431.png 768w, https:\/\/news.jmprocommunitymedia.org\/wp-content\/uploads\/2024\/11\/image-10-600x337.png 600w, https:\/\/news.jmprocommunitymedia.org\/wp-content\/uploads\/2024\/11\/image-10.png 1298w\" sizes=\"(max-width: 1024px) 100vw, 1024px\" \/><\/figure>\n\n\n<figure class=\"wp-block-post-featured-image\"><img decoding=\"async\" width=\"560\" height=\"370\" src=\"https:\/\/news.jmprocommunitymedia.org\/wp-content\/uploads\/2024\/11\/image-10-560x370.png\" class=\"attachment-post-thumbnail size-post-thumbnail wp-post-image\" alt=\"\" style=\"object-fit:cover;\" \/><\/figure>","protected":false},"excerpt":{"rendered":"<p>El Servicio de Parques Nacionales ha reabierto seis millas adicionales de la Blue Ridge Parkway, desde la milla 405.5, cerca de la Ruta 151, hasta la milla 411.8 en la [&hellip;]<\/p>\n","protected":false},"author":1,"featured_media":695,"comment_status":"open","ping_status":"open","sticky":false,"template":"","format":"standard","meta":{"footnotes":""},"categories":[91],"tags":[],"class_list":["post-694","post","type-post","status-publish","format-standard","has-post-thumbnail","hentry","category-transportation"],"_links":{"self":[{"href":"https:\/\/news.jmprocommunitymedia.org\/index.php?rest_route=\/wp\/v2\/posts\/694","targetHints":{"allow":["GET"]}}],"collection":[{"href":"https:\/\/news.jmprocommunitymedia.org\/index.php?rest_route=\/wp\/v2\/posts"}],"about":[{"href":"https:\/\/news.jmprocommunitymedia.org\/index.php?rest_route=\/wp\/v2\/types\/post"}],"author":[{"embeddable":true,"href":"https:\/\/news.jmprocommunitymedia.org\/index.php?rest_route=\/wp\/v2\/users\/1"}],"replies":[{"embeddable":true,"href":"https:\/\/news.jmprocommunitymedia.org\/index.php?rest_route=%2Fwp%2Fv2%2Fcomments&post=694"}],"version-history":[{"count":1,"href":"https:\/\/news.jmprocommunitymedia.org\/index.php?rest_route=\/wp\/v2\/posts\/694\/revisions"}],"predecessor-version":[{"id":696,"href":"https:\/\/news.jmprocommunitymedia.org\/index.php?rest_route=\/wp\/v2\/posts\/694\/revisions\/696"}],"wp:featuredmedia":[{"embeddable":true,"href":"https:\/\/news.jmprocommunitymedia.org\/index.php?rest_route=\/wp\/v2\/media\/695"}],"wp:attachment":[{"href":"https:\/\/news.jmprocommunitymedia.org\/index.php?rest_route=%2Fwp%2Fv2%2Fmedia&parent=694"}],"wp:term":[{"taxonomy":"category","embeddable":true,"href":"https:\/\/news.jmprocommunitymedia.org\/index.php?rest_route=%2Fwp%2Fv2%2Fcategories&post=694"},{"taxonomy":"post_tag","embeddable":true,"href":"https:\/\/news.jmprocommunitymedia.org\/index.php?rest_route=%2Fwp%2Fv2%2Ftags&post=694"}],"curies":[{"name":"wp","href":"https:\/\/api.w.org\/{rel}","templated":true}]}}