{"id":682,"date":"2024-11-06T19:46:50","date_gmt":"2024-11-06T19:46:50","guid":{"rendered":"https:\/\/news.jmprocommunitymedia.org\/?p=682"},"modified":"2025-05-05T20:45:26","modified_gmt":"2025-05-05T20:45:26","slug":"blue-ridge-parkway-vuelve-a-abrir-a-traves-del-corredor-de-asheville-folk-art-center-abrira-el-sabado","status":"publish","type":"post","link":"https:\/\/news.jmprocommunitymedia.org\/?p=682","title":{"rendered":"Blue Ridge Parkway vuelve a abrir a trav\u00e9s del corredor de Asheville, Folk Art Center abrir\u00e1 el s\u00e1bado"},"content":{"rendered":"\n<p><em>El dia de ayer, el Servicio de Parques Nacionales anunci\u00f3 la reapertura del corredor de Blue Ridge Parkway a trav\u00e9s de Asheville, desde el Arboretum de Carolina del Norte hasta el Folk Art Center, tras el trabajo de remoci\u00f3n de escombros causado por la tormenta tropical Helene.&nbsp;<\/em><\/p>\n\n\n\n<p><em>Los visitantes ahora pueden acceder a 11 millas de la ruta, desde la milla 382.5 en la US 70 hasta la milla 393.6 en la NC Highway 191. Tambi\u00e9n est\u00e1n abiertos el mirador French Broad y los senderos en la zona. Sin embargo, el NPS insta a los visitantes a extremar precauciones y evitar estacionarse fuera de las \u00e1reas oficiales.<\/em><\/p>\n\n\n\n<figure class=\"wp-block-image size-full\"><img fetchpriority=\"high\" decoding=\"async\" width=\"660\" height=\"496\" src=\"https:\/\/news.jmprocommunitymedia.org\/wp-content\/uploads\/2024\/11\/image-6.png\" alt=\"\" class=\"wp-image-683\" srcset=\"https:\/\/news.jmprocommunitymedia.org\/wp-content\/uploads\/2024\/11\/image-6.png 660w, https:\/\/news.jmprocommunitymedia.org\/wp-content\/uploads\/2024\/11\/image-6-600x451.png 600w\" sizes=\"(max-width: 660px) 100vw, 660px\" \/><\/figure>\n\n\n\n<p><\/p>\n\n\n<figure class=\"wp-block-post-featured-image\"><img decoding=\"async\" width=\"560\" height=\"370\" src=\"https:\/\/news.jmprocommunitymedia.org\/wp-content\/uploads\/2024\/11\/image-6-560x370.png\" class=\"attachment-post-thumbnail size-post-thumbnail wp-post-image\" alt=\"\" style=\"object-fit:cover;\" \/><\/figure>","protected":false},"excerpt":{"rendered":"<p>El dia de ayer, el Servicio de Parques Nacionales anunci\u00f3 la reapertura del corredor de Blue Ridge Parkway a trav\u00e9s de Asheville, desde el Arboretum de Carolina del Norte hasta [&hellip;]<\/p>\n","protected":false},"author":1,"featured_media":683,"comment_status":"open","ping_status":"open","sticky":false,"template":"","format":"standard","meta":{"footnotes":""},"categories":[91],"tags":[],"class_list":["post-682","post","type-post","status-publish","format-standard","has-post-thumbnail","hentry","category-transportation"],"_links":{"self":[{"href":"https:\/\/news.jmprocommunitymedia.org\/index.php?rest_route=\/wp\/v2\/posts\/682","targetHints":{"allow":["GET"]}}],"collection":[{"href":"https:\/\/news.jmprocommunitymedia.org\/index.php?rest_route=\/wp\/v2\/posts"}],"about":[{"href":"https:\/\/news.jmprocommunitymedia.org\/index.php?rest_route=\/wp\/v2\/types\/post"}],"author":[{"embeddable":true,"href":"https:\/\/news.jmprocommunitymedia.org\/index.php?rest_route=\/wp\/v2\/users\/1"}],"replies":[{"embeddable":true,"href":"https:\/\/news.jmprocommunitymedia.org\/index.php?rest_route=%2Fwp%2Fv2%2Fcomments&post=682"}],"version-history":[{"count":1,"href":"https:\/\/news.jmprocommunitymedia.org\/index.php?rest_route=\/wp\/v2\/posts\/682\/revisions"}],"predecessor-version":[{"id":684,"href":"https:\/\/news.jmprocommunitymedia.org\/index.php?rest_route=\/wp\/v2\/posts\/682\/revisions\/684"}],"wp:featuredmedia":[{"embeddable":true,"href":"https:\/\/news.jmprocommunitymedia.org\/index.php?rest_route=\/wp\/v2\/media\/683"}],"wp:attachment":[{"href":"https:\/\/news.jmprocommunitymedia.org\/index.php?rest_route=%2Fwp%2Fv2%2Fmedia&parent=682"}],"wp:term":[{"taxonomy":"category","embeddable":true,"href":"https:\/\/news.jmprocommunitymedia.org\/index.php?rest_route=%2Fwp%2Fv2%2Fcategories&post=682"},{"taxonomy":"post_tag","embeddable":true,"href":"https:\/\/news.jmprocommunitymedia.org\/index.php?rest_route=%2Fwp%2Fv2%2Ftags&post=682"}],"curies":[{"name":"wp","href":"https:\/\/api.w.org\/{rel}","templated":true}]}}