{"id":662,"date":"2024-11-08T19:21:30","date_gmt":"2024-11-08T19:21:30","guid":{"rendered":"https:\/\/news.jmprocommunitymedia.org\/?p=662"},"modified":"2025-05-05T20:43:42","modified_gmt":"2025-05-05T20:43:42","slug":"blue-ridge-parkway-reabre-un-tramo-de-11-millas-en-asheville-casi-6-semanas-despues-de-helene","status":"publish","type":"post","link":"https:\/\/news.jmprocommunitymedia.org\/?p=662","title":{"rendered":"Blue Ridge Parkway reabre un tramo de 11 millas en Asheville casi 6 semanas despu\u00e9s de Helene"},"content":{"rendered":"\n<p><em>El tramo de 11 millas de la Blue Ridge Parkway en Asheville reabre tras casi seis semanas de cierre debido a los da\u00f1os provocados por Helene. Desde el jueves anterior, el p\u00fablico ya&nbsp; puede acceder nuevamente a esta secci\u00f3n entre la US 70 y la Ruta 191, cerca del Arboretum, justo a tiempo para el final de la temporada de hojas.<\/em><\/p>\n\n\n\n<p><em>El Servicio de Parques Nacionales inform\u00f3 que se retiraron m\u00e1s de 150 contenedores de escombros para habilitar la zona.&nbsp;<\/em><\/p>\n\n\n\n<p><em>Nota: A\u00fan no se ha anunciado la fecha de reapertura de los tramos al norte y sur de la ruta.<\/em><\/p>\n\n\n\n<figure class=\"wp-block-image size-large\"><img fetchpriority=\"high\" decoding=\"async\" width=\"1024\" height=\"576\" src=\"https:\/\/news.jmprocommunitymedia.org\/wp-content\/uploads\/2024\/11\/image-1024x576.png\" alt=\"\" class=\"wp-image-663\" srcset=\"https:\/\/news.jmprocommunitymedia.org\/wp-content\/uploads\/2024\/11\/image-1024x576.png 1024w, https:\/\/news.jmprocommunitymedia.org\/wp-content\/uploads\/2024\/11\/image-768x432.png 768w, https:\/\/news.jmprocommunitymedia.org\/wp-content\/uploads\/2024\/11\/image-600x338.png 600w, https:\/\/news.jmprocommunitymedia.org\/wp-content\/uploads\/2024\/11\/image.png 1280w\" sizes=\"(max-width: 1024px) 100vw, 1024px\" \/><\/figure>\n\n\n<figure class=\"wp-block-post-featured-image\"><img decoding=\"async\" width=\"560\" height=\"370\" src=\"https:\/\/news.jmprocommunitymedia.org\/wp-content\/uploads\/2024\/11\/image-560x370.png\" class=\"attachment-post-thumbnail size-post-thumbnail wp-post-image\" alt=\"\" style=\"object-fit:cover;\" \/><\/figure>","protected":false},"excerpt":{"rendered":"<p>El tramo de 11 millas de la Blue Ridge Parkway en Asheville reabre tras casi seis semanas de cierre debido a los da\u00f1os provocados por Helene. Desde el jueves anterior, [&hellip;]<\/p>\n","protected":false},"author":1,"featured_media":663,"comment_status":"open","ping_status":"open","sticky":false,"template":"","format":"standard","meta":{"footnotes":""},"categories":[91],"tags":[],"class_list":["post-662","post","type-post","status-publish","format-standard","has-post-thumbnail","hentry","category-transportation"],"_links":{"self":[{"href":"https:\/\/news.jmprocommunitymedia.org\/index.php?rest_route=\/wp\/v2\/posts\/662","targetHints":{"allow":["GET"]}}],"collection":[{"href":"https:\/\/news.jmprocommunitymedia.org\/index.php?rest_route=\/wp\/v2\/posts"}],"about":[{"href":"https:\/\/news.jmprocommunitymedia.org\/index.php?rest_route=\/wp\/v2\/types\/post"}],"author":[{"embeddable":true,"href":"https:\/\/news.jmprocommunitymedia.org\/index.php?rest_route=\/wp\/v2\/users\/1"}],"replies":[{"embeddable":true,"href":"https:\/\/news.jmprocommunitymedia.org\/index.php?rest_route=%2Fwp%2Fv2%2Fcomments&post=662"}],"version-history":[{"count":2,"href":"https:\/\/news.jmprocommunitymedia.org\/index.php?rest_route=\/wp\/v2\/posts\/662\/revisions"}],"predecessor-version":[{"id":668,"href":"https:\/\/news.jmprocommunitymedia.org\/index.php?rest_route=\/wp\/v2\/posts\/662\/revisions\/668"}],"wp:featuredmedia":[{"embeddable":true,"href":"https:\/\/news.jmprocommunitymedia.org\/index.php?rest_route=\/wp\/v2\/media\/663"}],"wp:attachment":[{"href":"https:\/\/news.jmprocommunitymedia.org\/index.php?rest_route=%2Fwp%2Fv2%2Fmedia&parent=662"}],"wp:term":[{"taxonomy":"category","embeddable":true,"href":"https:\/\/news.jmprocommunitymedia.org\/index.php?rest_route=%2Fwp%2Fv2%2Fcategories&post=662"},{"taxonomy":"post_tag","embeddable":true,"href":"https:\/\/news.jmprocommunitymedia.org\/index.php?rest_route=%2Fwp%2Fv2%2Ftags&post=662"}],"curies":[{"name":"wp","href":"https:\/\/api.w.org\/{rel}","templated":true}]}}