{"id":2780,"date":"2026-04-04T21:50:14","date_gmt":"2026-04-04T21:50:14","guid":{"rendered":"https:\/\/news.jmprocommunitymedia.org\/?p=2780"},"modified":"2026-04-04T21:50:15","modified_gmt":"2026-04-04T21:50:15","slug":"aprender-crecer-y-no-rendirse","status":"publish","type":"post","link":"https:\/\/news.jmprocommunitymedia.org\/?p=2780","title":{"rendered":"Aprender, crecer y no rendirse"},"content":{"rendered":"\n<p>Laura Salas, originaria de San Jos\u00e9, Costa Rica, comparte su inspiradora historia de vida desde Marion, Carolina del Norte. Con m\u00e1s de 35 a\u00f1os de experiencia en la educaci\u00f3n, lleg\u00f3 a nuestro pais como maestra de intercambio y hoy contin\u00faa su vocaci\u00f3n ense\u00f1ando ingl\u00e9s a adultos en el community college.<\/p>\n\n\n\n<p>A trav\u00e9s de su trabajo, Laura ha sido testigo del esfuerzo y la determinaci\u00f3n de muchas personas hispanas que, a pesar del cansancio y las responsabilidades diarias, deciden estudiar para superarse. Historias de madres, padres y trabajadores que, despu\u00e9s de largas jornadas, asisten a clases con el sue\u00f1o de salir adelante.<\/p>\n\n\n\n<p>Para ella, la educaci\u00f3n es una herramienta poderosa que transforma vidas. Destaca adem\u00e1s que en este pa\u00eds existen oportunidades gratuitas que muchas veces no se aprovechan.<\/p>\n\n\n\n<p>Su mensaje es claro: nunca es tarde para aprender. Salir de la zona de confort, intentarlo y aprovechar las oportunidades puede marcar un antes y un despu\u00e9s en la vida de cualquier persona.<\/p>\n\n\n\n<figure class=\"wp-block-embed is-type-video is-provider-youtube wp-block-embed-youtube wp-embed-aspect-16-9 wp-has-aspect-ratio\"><div class=\"wp-block-embed__wrapper\">\n<iframe title=\"Aprender, crecer y no rendirse\" width=\"900\" height=\"506\" src=\"https:\/\/www.youtube.com\/embed\/mx36fOlGXZA?feature=oembed\" frameborder=\"0\" allow=\"accelerometer; autoplay; clipboard-write; encrypted-media; gyroscope; picture-in-picture; web-share\" referrerpolicy=\"strict-origin-when-cross-origin\" allowfullscreen><\/iframe>\n<\/div><\/figure>\n","protected":false},"excerpt":{"rendered":"<p>Laura Salas, originaria de San Jos\u00e9, Costa Rica, comparte su inspiradora historia de vida desde Marion, Carolina del Norte. Con m\u00e1s de 35 a\u00f1os de experiencia en la educaci\u00f3n, lleg\u00f3 [&hellip;]<\/p>\n","protected":false},"author":1,"featured_media":2781,"comment_status":"open","ping_status":"open","sticky":false,"template":"","format":"standard","meta":{"footnotes":""},"categories":[1],"tags":[],"class_list":["post-2780","post","type-post","status-publish","format-standard","has-post-thumbnail","hentry","category-uncategorized"],"_links":{"self":[{"href":"https:\/\/news.jmprocommunitymedia.org\/index.php?rest_route=\/wp\/v2\/posts\/2780","targetHints":{"allow":["GET"]}}],"collection":[{"href":"https:\/\/news.jmprocommunitymedia.org\/index.php?rest_route=\/wp\/v2\/posts"}],"about":[{"href":"https:\/\/news.jmprocommunitymedia.org\/index.php?rest_route=\/wp\/v2\/types\/post"}],"author":[{"embeddable":true,"href":"https:\/\/news.jmprocommunitymedia.org\/index.php?rest_route=\/wp\/v2\/users\/1"}],"replies":[{"embeddable":true,"href":"https:\/\/news.jmprocommunitymedia.org\/index.php?rest_route=%2Fwp%2Fv2%2Fcomments&post=2780"}],"version-history":[{"count":1,"href":"https:\/\/news.jmprocommunitymedia.org\/index.php?rest_route=\/wp\/v2\/posts\/2780\/revisions"}],"predecessor-version":[{"id":2782,"href":"https:\/\/news.jmprocommunitymedia.org\/index.php?rest_route=\/wp\/v2\/posts\/2780\/revisions\/2782"}],"wp:featuredmedia":[{"embeddable":true,"href":"https:\/\/news.jmprocommunitymedia.org\/index.php?rest_route=\/wp\/v2\/media\/2781"}],"wp:attachment":[{"href":"https:\/\/news.jmprocommunitymedia.org\/index.php?rest_route=%2Fwp%2Fv2%2Fmedia&parent=2780"}],"wp:term":[{"taxonomy":"category","embeddable":true,"href":"https:\/\/news.jmprocommunitymedia.org\/index.php?rest_route=%2Fwp%2Fv2%2Fcategories&post=2780"},{"taxonomy":"post_tag","embeddable":true,"href":"https:\/\/news.jmprocommunitymedia.org\/index.php?rest_route=%2Fwp%2Fv2%2Ftags&post=2780"}],"curies":[{"name":"wp","href":"https:\/\/api.w.org\/{rel}","templated":true}]}}