{"id":2753,"date":"2026-03-25T21:49:11","date_gmt":"2026-03-25T21:49:11","guid":{"rendered":"https:\/\/news.jmprocommunitymedia.org\/?p=2753"},"modified":"2026-03-25T21:49:13","modified_gmt":"2026-03-25T21:49:13","slug":"nunca-es-tarde-para-cumplir-tus-suenos","status":"publish","type":"post","link":"https:\/\/news.jmprocommunitymedia.org\/?p=2753","title":{"rendered":"Nunca es tarde para cumplir tus sue\u00f1os."},"content":{"rendered":"\n<p>Hola, queridos amigos y amigas. Mi nombre es Vanessa, reportera de JMPro, y hoy quiero hablarles sobre la confianza en nosotras mismas.<\/p>\n\n\n\n<p>Ser mam\u00e1, esposa y mujer con sue\u00f1os propios puede parecer un reto grande, pero tambi\u00e9n es una oportunidad para descubrir todo lo que somos capaces de lograr. Muchas veces creemos que el tiempo ya pas\u00f3 o que nuestras responsabilidades no nos dejan avanzar, pero la realidad es otra.<\/p>\n\n\n\n<p>Nunca es tarde para estudiar, aprender algo nuevo o empezar de nuevo. La edad no es un obst\u00e1culo, es solo un n\u00famero. Lo que realmente importa es la decisi\u00f3n de creer en nosotras, en nuestras capacidades y en todo lo que a\u00fan podemos construir.<\/p>\n\n\n\n<p>Cada paso cuenta, por peque\u00f1o que parezca. Retomar un sue\u00f1o, inscribirse en un curso o simplemente atreverse a intentarlo ya es un gran logro.<\/p>\n\n\n\n<p>Confiar en nosotras mismas tambi\u00e9n es una forma de transformar nuestra historia.<\/p>\n\n\n\n<figure class=\"wp-block-embed is-type-video is-provider-youtube wp-block-embed-youtube wp-embed-aspect-16-9 wp-has-aspect-ratio\"><div class=\"wp-block-embed__wrapper\">\n<iframe title=\"Nunca es tarde para cumplir tus sue\u00f1os.\" width=\"900\" height=\"506\" src=\"https:\/\/www.youtube.com\/embed\/mvq4gQah6DA?feature=oembed\" frameborder=\"0\" allow=\"accelerometer; autoplay; clipboard-write; encrypted-media; gyroscope; picture-in-picture; web-share\" referrerpolicy=\"strict-origin-when-cross-origin\" allowfullscreen><\/iframe>\n<\/div><\/figure>\n","protected":false},"excerpt":{"rendered":"<p>Hola, queridos amigos y amigas. Mi nombre es Vanessa, reportera de JMPro, y hoy quiero hablarles sobre la confianza en nosotras mismas. Ser mam\u00e1, esposa y mujer con sue\u00f1os propios [&hellip;]<\/p>\n","protected":false},"author":1,"featured_media":2754,"comment_status":"open","ping_status":"open","sticky":false,"template":"","format":"standard","meta":{"footnotes":""},"categories":[1],"tags":[],"class_list":["post-2753","post","type-post","status-publish","format-standard","has-post-thumbnail","hentry","category-uncategorized"],"_links":{"self":[{"href":"https:\/\/news.jmprocommunitymedia.org\/index.php?rest_route=\/wp\/v2\/posts\/2753","targetHints":{"allow":["GET"]}}],"collection":[{"href":"https:\/\/news.jmprocommunitymedia.org\/index.php?rest_route=\/wp\/v2\/posts"}],"about":[{"href":"https:\/\/news.jmprocommunitymedia.org\/index.php?rest_route=\/wp\/v2\/types\/post"}],"author":[{"embeddable":true,"href":"https:\/\/news.jmprocommunitymedia.org\/index.php?rest_route=\/wp\/v2\/users\/1"}],"replies":[{"embeddable":true,"href":"https:\/\/news.jmprocommunitymedia.org\/index.php?rest_route=%2Fwp%2Fv2%2Fcomments&post=2753"}],"version-history":[{"count":1,"href":"https:\/\/news.jmprocommunitymedia.org\/index.php?rest_route=\/wp\/v2\/posts\/2753\/revisions"}],"predecessor-version":[{"id":2755,"href":"https:\/\/news.jmprocommunitymedia.org\/index.php?rest_route=\/wp\/v2\/posts\/2753\/revisions\/2755"}],"wp:featuredmedia":[{"embeddable":true,"href":"https:\/\/news.jmprocommunitymedia.org\/index.php?rest_route=\/wp\/v2\/media\/2754"}],"wp:attachment":[{"href":"https:\/\/news.jmprocommunitymedia.org\/index.php?rest_route=%2Fwp%2Fv2%2Fmedia&parent=2753"}],"wp:term":[{"taxonomy":"category","embeddable":true,"href":"https:\/\/news.jmprocommunitymedia.org\/index.php?rest_route=%2Fwp%2Fv2%2Fcategories&post=2753"},{"taxonomy":"post_tag","embeddable":true,"href":"https:\/\/news.jmprocommunitymedia.org\/index.php?rest_route=%2Fwp%2Fv2%2Ftags&post=2753"}],"curies":[{"name":"wp","href":"https:\/\/api.w.org\/{rel}","templated":true}]}}