{"id":2683,"date":"2026-02-20T16:52:59","date_gmt":"2026-02-20T16:52:59","guid":{"rendered":"https:\/\/news.jmprocommunitymedia.org\/?p=2683"},"modified":"2026-02-20T16:53:04","modified_gmt":"2026-02-20T16:53:04","slug":"caminata-en-silva-con-latinos-aventureros","status":"publish","type":"post","link":"https:\/\/news.jmprocommunitymedia.org\/?p=2683","title":{"rendered":"Caminata en Silva con Latinos Aventureros"},"content":{"rendered":"\n<p>Disfruta de una gran experiencia al aire libre en la caminata realizada en <strong>Sylva<\/strong> junto a nuestros amigos de <strong>Latinos Aventureros<\/strong>, un grupo que promueve la conexi\u00f3n con la naturaleza, la actividad f\u00edsica y el encuentro comunitario en las Carolinas.<\/p>\n\n\n\n<p>Esta caminata es una invitaci\u00f3n a descubrir nuevos paisajes, compartir en familia y fortalecer los lazos entre personas que buscan espacios seguros y accesibles para disfrutar del aire libre. Adem\u00e1s de recorrer senderos y aprender sobre el entorno, estas actividades fomentan el bienestar f\u00edsico, el cuidado de la salud mental y el sentido de pertenencia.<\/p>\n\n\n\n<p>Te invitamos a acompa\u00f1arnos en esta aventura y a seguir nuestras pr\u00f3ximas actividades a trav\u00e9s de <strong>JMPro Community Media<\/strong> y en la radio <strong>Asheville FM 103.3<\/strong>, donde continuamos compartiendo historias que conectan y fortalecen a nuestra comunidad en las Carolinas.<br><\/p>\n\n\n\n<figure class=\"wp-block-embed is-type-video is-provider-youtube wp-block-embed-youtube wp-embed-aspect-9-16 wp-has-aspect-ratio\"><div class=\"wp-block-embed__wrapper\">\n<iframe title=\"Caminata en Silva con Latinos Aventureros\" width=\"563\" height=\"1000\" src=\"https:\/\/www.youtube.com\/embed\/F9PVQx90L04?feature=oembed\" frameborder=\"0\" allow=\"accelerometer; autoplay; clipboard-write; encrypted-media; gyroscope; picture-in-picture; web-share\" referrerpolicy=\"strict-origin-when-cross-origin\" allowfullscreen><\/iframe>\n<\/div><\/figure>\n","protected":false},"excerpt":{"rendered":"<p>Disfruta de una gran experiencia al aire libre en la caminata realizada en Sylva junto a nuestros amigos de Latinos Aventureros, un grupo que promueve la conexi\u00f3n con la naturaleza, [&hellip;]<\/p>\n","protected":false},"author":1,"featured_media":2684,"comment_status":"open","ping_status":"open","sticky":false,"template":"","format":"standard","meta":{"footnotes":""},"categories":[1],"tags":[],"class_list":["post-2683","post","type-post","status-publish","format-standard","has-post-thumbnail","hentry","category-uncategorized"],"_links":{"self":[{"href":"https:\/\/news.jmprocommunitymedia.org\/index.php?rest_route=\/wp\/v2\/posts\/2683","targetHints":{"allow":["GET"]}}],"collection":[{"href":"https:\/\/news.jmprocommunitymedia.org\/index.php?rest_route=\/wp\/v2\/posts"}],"about":[{"href":"https:\/\/news.jmprocommunitymedia.org\/index.php?rest_route=\/wp\/v2\/types\/post"}],"author":[{"embeddable":true,"href":"https:\/\/news.jmprocommunitymedia.org\/index.php?rest_route=\/wp\/v2\/users\/1"}],"replies":[{"embeddable":true,"href":"https:\/\/news.jmprocommunitymedia.org\/index.php?rest_route=%2Fwp%2Fv2%2Fcomments&post=2683"}],"version-history":[{"count":1,"href":"https:\/\/news.jmprocommunitymedia.org\/index.php?rest_route=\/wp\/v2\/posts\/2683\/revisions"}],"predecessor-version":[{"id":2685,"href":"https:\/\/news.jmprocommunitymedia.org\/index.php?rest_route=\/wp\/v2\/posts\/2683\/revisions\/2685"}],"wp:featuredmedia":[{"embeddable":true,"href":"https:\/\/news.jmprocommunitymedia.org\/index.php?rest_route=\/wp\/v2\/media\/2684"}],"wp:attachment":[{"href":"https:\/\/news.jmprocommunitymedia.org\/index.php?rest_route=%2Fwp%2Fv2%2Fmedia&parent=2683"}],"wp:term":[{"taxonomy":"category","embeddable":true,"href":"https:\/\/news.jmprocommunitymedia.org\/index.php?rest_route=%2Fwp%2Fv2%2Fcategories&post=2683"},{"taxonomy":"post_tag","embeddable":true,"href":"https:\/\/news.jmprocommunitymedia.org\/index.php?rest_route=%2Fwp%2Fv2%2Ftags&post=2683"}],"curies":[{"name":"wp","href":"https:\/\/api.w.org\/{rel}","templated":true}]}}