{"id":2506,"date":"2026-02-09T17:10:39","date_gmt":"2026-02-09T17:10:39","guid":{"rendered":"https:\/\/news.jmprocommunitymedia.org\/?p=2506"},"modified":"2026-02-09T17:23:16","modified_gmt":"2026-02-09T17:23:16","slug":"no-esta-mal-sentirse-distinto-cuando-llega-el-invierno-invierno-emociones-y-bienestar","status":"publish","type":"post","link":"https:\/\/news.jmprocommunitymedia.org\/?p=2506","title":{"rendered":"No est\u00e1 mal sentirse distinto cuando llega el invierno."},"content":{"rendered":"\n<p>Con los d\u00edas m\u00e1s cortos, el fr\u00edo y los cambios en nuestra rutina, es normal notar que nuestro cuerpo y nuestra mente tambi\u00e9n reaccionan de manera diferente. El invierno no solo transforma el paisaje\u2026 tambi\u00e9n transforma c\u00f3mo nos sentimos, c\u00f3mo descansamos y c\u00f3mo nos relacionamos con los dem\u00e1s \u26c4.<\/p>\n\n\n\n<p>En este espacio de bienestar, <strong>Dayana L\u00f3pez<\/strong> nos recuerda algo muy importante: <strong>adaptarnos a los cambios de estaci\u00f3n es parte de cuidarnos<\/strong>. No se trata de \u201caguantarnos\u201d lo que sentimos, sino de aprender a escucharnos y responder con peque\u00f1as acciones que pueden marcar una gran diferencia en nuestro d\u00eda a d\u00eda.<\/p>\n\n\n\n<p>La luz natural, por ejemplo, cumple un papel fundamental. Salir unos minutos al aire libre, abrir las ventanas o buscar espacios con m\u00e1s claridad ayuda a mejorar el \u00e1nimo y la energ\u00eda. A esto se suma el ejercicio, aunque sea suave: caminar, estirarnos o movernos un poco en casa puede ayudarnos a reducir el estr\u00e9s y sentirnos m\u00e1s activos.<\/p>\n\n\n\n<p>La naturaleza tambi\u00e9n es una gran aliada. Un paseo, observar el entorno o simplemente desconectarnos por un momento del celular nos permite respirar, relajarnos y reconectar con nosotros mismos. Y, por supuesto, no debemos olvidar la diversi\u00f3n: escuchar m\u00fasica, ver una pel\u00edcula, compartir una actividad en familia o re\u00edr con amigos tambi\u00e9n forma parte de nuestra salud.<\/p>\n\n\n\n<p>Otro punto clave que nos recuerda Dayana L\u00f3pez es la <strong>conexi\u00f3n con otras personas<\/strong>. Hablar, compartir c\u00f3mo nos sentimos y mantener v\u00ednculos cercanos es una forma muy poderosa de cuidarnos durante el invierno. Y cuando las emociones se vuelven m\u00e1s dif\u00edciles de manejar, <strong>pedir ayuda no es una debilidad, es una decisi\u00f3n valiente<\/strong> \ud83d\udcac.<\/p>\n\n\n\n<p>Cuidar nuestra mente es tan importante como cuidar nuestro cuerpo.<br>Este invierno, regal\u00e9monos tiempo, comprensi\u00f3n y apoyo mutuo.<\/p>\n\n\n\n<p>\ud83d\udc47 <strong>\u00bfQu\u00e9 estrategia te ayuda m\u00e1s en esta temporada?<\/strong><br>D\u00e9jala en los comentarios y sigamos construyendo juntos un espacio de bienestar para todos.<\/p>\n\n\n\n<figure class=\"wp-block-embed is-type-video is-provider-youtube wp-block-embed-youtube wp-embed-aspect-16-9 wp-has-aspect-ratio\"><div class=\"wp-block-embed__wrapper\">\n<iframe title=\"\u2744\ufe0f Invierno, emociones y bienestar \u2744\ufe0f\" width=\"900\" height=\"506\" src=\"https:\/\/www.youtube.com\/embed\/_YpaxRBBhFM?feature=oembed\" frameborder=\"0\" allow=\"accelerometer; autoplay; clipboard-write; encrypted-media; gyroscope; picture-in-picture; web-share\" referrerpolicy=\"strict-origin-when-cross-origin\" allowfullscreen><\/iframe>\n<\/div><\/figure>\n\n\n\n<figure class=\"wp-block-image size-full\"><img fetchpriority=\"high\" decoding=\"async\" width=\"498\" height=\"872\" src=\"https:\/\/news.jmprocommunitymedia.org\/wp-content\/uploads\/2026\/02\/WhatsApp-Image-2026-02-09-at-12.05.56-PM.jpeg\" alt=\"\" class=\"wp-image-2507\"\/><\/figure>\n","protected":false},"excerpt":{"rendered":"<p>Con los d\u00edas m\u00e1s cortos, el fr\u00edo y los cambios en nuestra rutina, es normal notar que nuestro cuerpo y nuestra mente tambi\u00e9n reaccionan de manera diferente. El invierno no [&hellip;]<\/p>\n","protected":false},"author":1,"featured_media":2507,"comment_status":"open","ping_status":"open","sticky":false,"template":"","format":"standard","meta":{"footnotes":""},"categories":[1],"tags":[],"class_list":["post-2506","post","type-post","status-publish","format-standard","has-post-thumbnail","hentry","category-uncategorized"],"_links":{"self":[{"href":"https:\/\/news.jmprocommunitymedia.org\/index.php?rest_route=\/wp\/v2\/posts\/2506","targetHints":{"allow":["GET"]}}],"collection":[{"href":"https:\/\/news.jmprocommunitymedia.org\/index.php?rest_route=\/wp\/v2\/posts"}],"about":[{"href":"https:\/\/news.jmprocommunitymedia.org\/index.php?rest_route=\/wp\/v2\/types\/post"}],"author":[{"embeddable":true,"href":"https:\/\/news.jmprocommunitymedia.org\/index.php?rest_route=\/wp\/v2\/users\/1"}],"replies":[{"embeddable":true,"href":"https:\/\/news.jmprocommunitymedia.org\/index.php?rest_route=%2Fwp%2Fv2%2Fcomments&post=2506"}],"version-history":[{"count":2,"href":"https:\/\/news.jmprocommunitymedia.org\/index.php?rest_route=\/wp\/v2\/posts\/2506\/revisions"}],"predecessor-version":[{"id":2510,"href":"https:\/\/news.jmprocommunitymedia.org\/index.php?rest_route=\/wp\/v2\/posts\/2506\/revisions\/2510"}],"wp:featuredmedia":[{"embeddable":true,"href":"https:\/\/news.jmprocommunitymedia.org\/index.php?rest_route=\/wp\/v2\/media\/2507"}],"wp:attachment":[{"href":"https:\/\/news.jmprocommunitymedia.org\/index.php?rest_route=%2Fwp%2Fv2%2Fmedia&parent=2506"}],"wp:term":[{"taxonomy":"category","embeddable":true,"href":"https:\/\/news.jmprocommunitymedia.org\/index.php?rest_route=%2Fwp%2Fv2%2Fcategories&post=2506"},{"taxonomy":"post_tag","embeddable":true,"href":"https:\/\/news.jmprocommunitymedia.org\/index.php?rest_route=%2Fwp%2Fv2%2Ftags&post=2506"}],"curies":[{"name":"wp","href":"https:\/\/api.w.org\/{rel}","templated":true}]}}