{"id":2158,"date":"2025-07-09T22:06:54","date_gmt":"2025-07-09T22:06:54","guid":{"rendered":"https:\/\/news.jmprocommunitymedia.org\/?p=2158"},"modified":"2025-07-12T16:42:59","modified_gmt":"2025-07-12T16:42:59","slug":"clinica-de-inmunizacion-en-buncombe-cerrara-temporalmente-por-capacitacion-este-14-de-julio","status":"publish","type":"post","link":"https:\/\/news.jmprocommunitymedia.org\/?p=2158","title":{"rendered":"Cl\u00ednica de Inmunizaci\u00f3n en Buncombe cerrar\u00e1 temporalmente por capacitaci\u00f3n este 14 de julio"},"content":{"rendered":"\n<p>\u00a1Atenci\u00f3n vecinos y vecinas de Buncombe! El Departamento de Inmunizaci\u00f3n de Salud y Servicios Humanos del Condado de Buncombe anunci\u00f3 que estar\u00e1 cerrado temporalmente la ma\u00f1ana del lunes 14 de julio, desde las 8:00 a.\u202fm. hasta las 12:00 p.\u202fm., debido a una capacitaci\u00f3n interna para su personal.<\/p>\n\n\n\n<p>La buena noticia es que reabrir\u00e1n sus puertas ese mismo d\u00eda, a partir de la 1:00 p.\u202fm., para continuar brindando sus servicios con normalidad.<\/p>\n\n\n\n<p>Este cierre parcial es parte del compromiso del departamento por mantener al personal bien capacitado y actualizado, lo cual se traduce en una mejor atenci\u00f3n para todas las personas que acuden a recibir vacunas, ya sea para ni\u00f1os, adultos o en preparaci\u00f3n para viajes y regreso a clases.<\/p>\n\n\n\n<p>Desde JMPRO Community Media recomendamos a quienes ten\u00edan pensado ir en la ma\u00f1ana, que reprogramen su visita para la tarde o para otro d\u00eda de la semana.<\/p>\n\n\n<figure class=\"wp-block-post-featured-image\"><img fetchpriority=\"high\" decoding=\"async\" width=\"560\" height=\"370\" src=\"https:\/\/news.jmprocommunitymedia.org\/wp-content\/uploads\/2025\/07\/518337831_1155105789990757_8006199433733230847_n-560x370.jpg\" class=\"attachment-post-thumbnail size-post-thumbnail wp-post-image\" alt=\"\" style=\"object-fit:cover;\" \/><\/figure>","protected":false},"excerpt":{"rendered":"<p>\u00a1Atenci\u00f3n vecinos y vecinas de Buncombe! El Departamento de Inmunizaci\u00f3n de Salud y Servicios Humanos del Condado de Buncombe anunci\u00f3 que estar\u00e1 cerrado temporalmente la ma\u00f1ana del lunes 14 de [&hellip;]<\/p>\n","protected":false},"author":1,"featured_media":2159,"comment_status":"open","ping_status":"open","sticky":false,"template":"","format":"standard","meta":{"footnotes":""},"categories":[79],"tags":[],"class_list":["post-2158","post","type-post","status-publish","format-standard","has-post-thumbnail","hentry","category-wellness"],"_links":{"self":[{"href":"https:\/\/news.jmprocommunitymedia.org\/index.php?rest_route=\/wp\/v2\/posts\/2158","targetHints":{"allow":["GET"]}}],"collection":[{"href":"https:\/\/news.jmprocommunitymedia.org\/index.php?rest_route=\/wp\/v2\/posts"}],"about":[{"href":"https:\/\/news.jmprocommunitymedia.org\/index.php?rest_route=\/wp\/v2\/types\/post"}],"author":[{"embeddable":true,"href":"https:\/\/news.jmprocommunitymedia.org\/index.php?rest_route=\/wp\/v2\/users\/1"}],"replies":[{"embeddable":true,"href":"https:\/\/news.jmprocommunitymedia.org\/index.php?rest_route=%2Fwp%2Fv2%2Fcomments&post=2158"}],"version-history":[{"count":1,"href":"https:\/\/news.jmprocommunitymedia.org\/index.php?rest_route=\/wp\/v2\/posts\/2158\/revisions"}],"predecessor-version":[{"id":2160,"href":"https:\/\/news.jmprocommunitymedia.org\/index.php?rest_route=\/wp\/v2\/posts\/2158\/revisions\/2160"}],"wp:featuredmedia":[{"embeddable":true,"href":"https:\/\/news.jmprocommunitymedia.org\/index.php?rest_route=\/wp\/v2\/media\/2159"}],"wp:attachment":[{"href":"https:\/\/news.jmprocommunitymedia.org\/index.php?rest_route=%2Fwp%2Fv2%2Fmedia&parent=2158"}],"wp:term":[{"taxonomy":"category","embeddable":true,"href":"https:\/\/news.jmprocommunitymedia.org\/index.php?rest_route=%2Fwp%2Fv2%2Fcategories&post=2158"},{"taxonomy":"post_tag","embeddable":true,"href":"https:\/\/news.jmprocommunitymedia.org\/index.php?rest_route=%2Fwp%2Fv2%2Ftags&post=2158"}],"curies":[{"name":"wp","href":"https:\/\/api.w.org\/{rel}","templated":true}]}}