{"id":2129,"date":"2025-06-26T19:28:50","date_gmt":"2025-06-26T19:28:50","guid":{"rendered":"https:\/\/news.jmprocommunitymedia.org\/?p=2129"},"modified":"2025-06-28T17:40:22","modified_gmt":"2025-06-28T17:40:22","slug":"vacunas-a-bajo-costo-para-tus-mascotas-en-sylva-este-28-de-junio","status":"publish","type":"post","link":"https:\/\/news.jmprocommunitymedia.org\/?p=2129","title":{"rendered":"\u00a0\u00a1Vacunas a bajo costo para tus mascotas en Sylva este 28 de junio!"},"content":{"rendered":"\n<p>Este viernes 28 de junio, de 11:00 a.m. a 1:00 p.m., la organizaci\u00f3n Friends of Jackson County Animal Shelter estar\u00e1 realizando una cl\u00ednica de vacunaci\u00f3n a bajo costo para perros y gatos en 84 Green Energy Park Rd, Sylva.<\/p>\n\n\n\n<p>Durante este evento, se ofrecer\u00e1n vacunas contra la rabia para perros y gatos, as\u00ed como Distemper\/Parvo para perros y HCP-Ch para gatos. Es una gran oportunidad para proteger la salud de tus mascotas sin gastar mucho dinero. Adem\u00e1s, recordemos que tener las vacunas al d\u00eda es una forma de cuidar no solo a nuestros peludos, sino tambi\u00e9n a toda la comunidad.<\/p>\n\n\n\n<p>La atenci\u00f3n ser\u00e1 por orden de llegada, as\u00ed que lo mejor es llegar con tiempo. Si tienes alguna duda, te recomendamos comunicarte directamente con Friends of Jackson County Animal Shelter para m\u00e1s detalles.<\/p>\n\n\n\n<p><strong>2. \u00bfQui\u00e9nes se pueden beneficiar o afectar?<\/strong><br>Esta jornada est\u00e1 pensada para familias que tienen mascotas y quieren mantenerlas saludables, especialmente aquellas que no pueden pagar precios altos en cl\u00ednicas privadas. Tambi\u00e9n beneficia a la comunidad en general, ya que prevenir enfermedades como la rabia es responsabilidad de todos.<\/p>\n\n\n<figure class=\"wp-block-post-featured-image\"><img fetchpriority=\"high\" decoding=\"async\" width=\"560\" height=\"370\" src=\"https:\/\/news.jmprocommunitymedia.org\/wp-content\/uploads\/2025\/06\/507232732_693432656800997_8729698454103471945_n-560x370.jpg\" class=\"attachment-post-thumbnail size-post-thumbnail wp-post-image\" alt=\"\" style=\"object-fit:cover;\" \/><\/figure>","protected":false},"excerpt":{"rendered":"<p>Este viernes 28 de junio, de 11:00 a.m. a 1:00 p.m., la organizaci\u00f3n Friends of Jackson County Animal Shelter estar\u00e1 realizando una cl\u00ednica de vacunaci\u00f3n a bajo costo para perros [&hellip;]<\/p>\n","protected":false},"author":1,"featured_media":2130,"comment_status":"open","ping_status":"open","sticky":false,"template":"","format":"standard","meta":{"footnotes":""},"categories":[79],"tags":[],"class_list":["post-2129","post","type-post","status-publish","format-standard","has-post-thumbnail","hentry","category-wellness"],"_links":{"self":[{"href":"https:\/\/news.jmprocommunitymedia.org\/index.php?rest_route=\/wp\/v2\/posts\/2129","targetHints":{"allow":["GET"]}}],"collection":[{"href":"https:\/\/news.jmprocommunitymedia.org\/index.php?rest_route=\/wp\/v2\/posts"}],"about":[{"href":"https:\/\/news.jmprocommunitymedia.org\/index.php?rest_route=\/wp\/v2\/types\/post"}],"author":[{"embeddable":true,"href":"https:\/\/news.jmprocommunitymedia.org\/index.php?rest_route=\/wp\/v2\/users\/1"}],"replies":[{"embeddable":true,"href":"https:\/\/news.jmprocommunitymedia.org\/index.php?rest_route=%2Fwp%2Fv2%2Fcomments&post=2129"}],"version-history":[{"count":1,"href":"https:\/\/news.jmprocommunitymedia.org\/index.php?rest_route=\/wp\/v2\/posts\/2129\/revisions"}],"predecessor-version":[{"id":2131,"href":"https:\/\/news.jmprocommunitymedia.org\/index.php?rest_route=\/wp\/v2\/posts\/2129\/revisions\/2131"}],"wp:featuredmedia":[{"embeddable":true,"href":"https:\/\/news.jmprocommunitymedia.org\/index.php?rest_route=\/wp\/v2\/media\/2130"}],"wp:attachment":[{"href":"https:\/\/news.jmprocommunitymedia.org\/index.php?rest_route=%2Fwp%2Fv2%2Fmedia&parent=2129"}],"wp:term":[{"taxonomy":"category","embeddable":true,"href":"https:\/\/news.jmprocommunitymedia.org\/index.php?rest_route=%2Fwp%2Fv2%2Fcategories&post=2129"},{"taxonomy":"post_tag","embeddable":true,"href":"https:\/\/news.jmprocommunitymedia.org\/index.php?rest_route=%2Fwp%2Fv2%2Ftags&post=2129"}],"curies":[{"name":"wp","href":"https:\/\/api.w.org\/{rel}","templated":true}]}}