{"id":1609,"date":"2025-02-12T15:42:55","date_gmt":"2025-02-12T15:42:55","guid":{"rendered":"https:\/\/news.jmprocommunitymedia.org\/?p=1609"},"modified":"2025-05-05T20:03:40","modified_gmt":"2025-05-05T20:03:40","slug":"accidente-cierra-la-i-26-oeste-en-el-condado-de-henderson","status":"publish","type":"post","link":"https:\/\/news.jmprocommunitymedia.org\/?p=1609","title":{"rendered":"Accidente cierra la I-26 oeste en el condado de Henderson"},"content":{"rendered":"\n<p><em>Un accidente en la <\/em><strong><em>Interestatal 26<\/em><\/strong><em> provoc\u00f3 el cierre de los carriles hacia el oeste la ma\u00f1ana del mi\u00e9rcoles, afectando el tr\u00e1fico en la zona.<\/em><\/p>\n\n\n\n<h4 class=\"wp-block-heading\"><strong><em>Desarrollo o ampliaci\u00f3n:<\/em><\/strong><\/h4>\n\n\n\n<p><em>Seg\u00fan el <\/em><strong><em>Departamento de Transporte de Carolina del Norte (NCDOT)<\/em><\/strong><em>, el incidente ocurri\u00f3 a <\/em><strong><em>3.5 millas al oeste de la salida 59 (Holbert Cove Road)<\/em><\/strong><em>. La alerta <\/em><strong><em>TIMS del NCDOT<\/em><\/strong><em> indic\u00f3 que el cierre comenz\u00f3 alrededor de las <\/em><strong><em>8:18 a.m.<\/em><\/strong><em> y se espera que dure hasta aproximadamente <\/em><strong><em>las 10 a.m.<\/em><\/strong><\/p>\n\n\n\n<p><em>Las autoridades trabajan en la limpieza de la v\u00eda y recomiendan a los conductores buscar rutas alternas mientras se restablece el tr\u00e1nsito.<\/em><\/p>\n\n\n\n<h4 class=\"wp-block-heading\"><strong><em>\u00bfQui\u00e9nes se pueden beneficiar o afectar?<\/em><\/strong><\/h4>\n\n\n\n<ul class=\"wp-block-list\">\n<li><strong><em>Afectados<\/em><\/strong><em>: Conductores que viajan por la I-26 en direcci\u00f3n oeste, quienes podr\u00edan experimentar retrasos significativos.<\/em><\/li>\n\n\n\n<li><strong><em>Beneficiarios<\/em><\/strong><em>: Equipos de emergencia y autoridades de tr\u00e1nsito que gestionan la seguridad en la zona.<\/em><\/li>\n<\/ul>\n\n\n\n<h4 class=\"wp-block-heading\"><strong><em>Fechas clave:<\/em><\/strong><\/h4>\n\n\n\n<ul class=\"wp-block-list\">\n<li><strong><em>Mi\u00e9rcoles 12 de febrero de 2025<\/em><\/strong><em>: Inicio del cierre a las 8:18 a.m.<\/em><\/li>\n\n\n\n<li><strong><em>10 a.m. (aproximadamente)<\/em><\/strong><em>: Hora estimada de reapertura de la carretera.<\/em><\/li>\n<\/ul>\n\n\n<figure class=\"wp-block-post-featured-image\"><img fetchpriority=\"high\" decoding=\"async\" width=\"560\" height=\"370\" src=\"https:\/\/news.jmprocommunitymedia.org\/wp-content\/uploads\/2025\/02\/c38e51c1-2801-4071-abbf-296c7f28d9f0-IMG_0809-560x370.jpg\" class=\"attachment-post-thumbnail size-post-thumbnail wp-post-image\" alt=\"\" style=\"object-fit:cover;\" \/><\/figure>\n\n<figure class=\"wp-block-post-featured-image\"><img fetchpriority=\"high\" decoding=\"async\" width=\"560\" height=\"370\" src=\"https:\/\/news.jmprocommunitymedia.org\/wp-content\/uploads\/2025\/02\/c38e51c1-2801-4071-abbf-296c7f28d9f0-IMG_0809-560x370.jpg\" class=\"attachment-post-thumbnail size-post-thumbnail wp-post-image\" alt=\"\" style=\"object-fit:cover;\" \/><\/figure>","protected":false},"excerpt":{"rendered":"<p>Un accidente en la Interestatal 26 provoc\u00f3 el cierre de los carriles hacia el oeste la ma\u00f1ana del mi\u00e9rcoles, afectando el tr\u00e1fico en la zona. Desarrollo o ampliaci\u00f3n: Seg\u00fan el [&hellip;]<\/p>\n","protected":false},"author":1,"featured_media":1610,"comment_status":"open","ping_status":"open","sticky":false,"template":"","format":"standard","meta":{"footnotes":""},"categories":[91],"tags":[],"class_list":["post-1609","post","type-post","status-publish","format-standard","has-post-thumbnail","hentry","category-transportation"],"_links":{"self":[{"href":"https:\/\/news.jmprocommunitymedia.org\/index.php?rest_route=\/wp\/v2\/posts\/1609","targetHints":{"allow":["GET"]}}],"collection":[{"href":"https:\/\/news.jmprocommunitymedia.org\/index.php?rest_route=\/wp\/v2\/posts"}],"about":[{"href":"https:\/\/news.jmprocommunitymedia.org\/index.php?rest_route=\/wp\/v2\/types\/post"}],"author":[{"embeddable":true,"href":"https:\/\/news.jmprocommunitymedia.org\/index.php?rest_route=\/wp\/v2\/users\/1"}],"replies":[{"embeddable":true,"href":"https:\/\/news.jmprocommunitymedia.org\/index.php?rest_route=%2Fwp%2Fv2%2Fcomments&post=1609"}],"version-history":[{"count":1,"href":"https:\/\/news.jmprocommunitymedia.org\/index.php?rest_route=\/wp\/v2\/posts\/1609\/revisions"}],"predecessor-version":[{"id":1611,"href":"https:\/\/news.jmprocommunitymedia.org\/index.php?rest_route=\/wp\/v2\/posts\/1609\/revisions\/1611"}],"wp:featuredmedia":[{"embeddable":true,"href":"https:\/\/news.jmprocommunitymedia.org\/index.php?rest_route=\/wp\/v2\/media\/1610"}],"wp:attachment":[{"href":"https:\/\/news.jmprocommunitymedia.org\/index.php?rest_route=%2Fwp%2Fv2%2Fmedia&parent=1609"}],"wp:term":[{"taxonomy":"category","embeddable":true,"href":"https:\/\/news.jmprocommunitymedia.org\/index.php?rest_route=%2Fwp%2Fv2%2Fcategories&post=1609"},{"taxonomy":"post_tag","embeddable":true,"href":"https:\/\/news.jmprocommunitymedia.org\/index.php?rest_route=%2Fwp%2Fv2%2Ftags&post=1609"}],"curies":[{"name":"wp","href":"https:\/\/api.w.org\/{rel}","templated":true}]}}