{"id":1495,"date":"2025-02-06T19:42:08","date_gmt":"2025-02-06T19:42:08","guid":{"rendered":"https:\/\/news.jmprocommunitymedia.org\/?p=1495"},"modified":"2025-05-05T20:09:29","modified_gmt":"2025-05-05T20:09:29","slug":"pronosticos-de-primavera-para-carolina-del-norte-y-el-sudeste","status":"publish","type":"post","link":"https:\/\/news.jmprocommunitymedia.org\/?p=1495","title":{"rendered":"Pron\u00f3sticos de primavera para Carolina del Norte y el sudeste"},"content":{"rendered":"\n<p><em>La Administraci\u00f3n Nacional Oce\u00e1nica y Atmosf\u00e9rica (NOAA) y el Old Farmer\u2019s Almanac han publicado sus predicciones para la primavera de 2025. Ambos coinciden en que las temperaturas ser\u00e1n m\u00e1s c\u00e1lidas de lo normal en gran parte del pa\u00eds, especialmente en el sudeste.<\/em><\/p>\n\n\n\n<p><em>Seg\u00fan la NOAA, hay entre un 40% y un 50% de probabilidad de temperaturas por encima del promedio en Carolina del Norte. El Almanaque prev\u00e9 temperaturas cercanas a la media en la costa y m\u00e1s altas en el interior. En cuanto a las precipitaciones, la NOAA indica que el sur experimentar\u00e1 menos lluvias de lo habitual, mientras que el Almanac pronostica condiciones normales con posibles tormentas severas.<\/em><em>\u00bfQui\u00e9nes se pueden beneficiar o afectar?<\/em><em><br><\/em><em>El aumento de temperaturas podr\u00eda beneficiar a la industria tur\u00edstica y agr\u00edcola en el sudeste, pero el riesgo de tormentas y sequ\u00edas podr\u00eda afectar la producci\u00f3n de cultivos y el suministro de agua. Indic\u00f3 e medio local Citizen Times.<\/em><em><br><\/em><em><br><\/em><em>Fechas claves:<\/em><em><br><\/em><em>La primavera comienza oficialmente el 20 de marzo y termina el 21 de junio. Las predicciones de la NOAA se actualizaron el 16 de enero, y se esperan m\u00e1s informes en las pr\u00f3ximas semanas.<\/em><\/p>\n\n\n<figure class=\"wp-block-post-featured-image\"><img fetchpriority=\"high\" decoding=\"async\" width=\"560\" height=\"370\" src=\"https:\/\/news.jmprocommunitymedia.org\/wp-content\/uploads\/2025\/02\/78253536007-screenshot-20250205-at-22407-pm-560x370.webp\" class=\"attachment-post-thumbnail size-post-thumbnail wp-post-image\" alt=\"\" style=\"object-fit:cover;\" \/><\/figure>\n\n<figure class=\"wp-block-post-featured-image\"><img fetchpriority=\"high\" decoding=\"async\" width=\"560\" height=\"370\" src=\"https:\/\/news.jmprocommunitymedia.org\/wp-content\/uploads\/2025\/02\/78253536007-screenshot-20250205-at-22407-pm-560x370.webp\" class=\"attachment-post-thumbnail size-post-thumbnail wp-post-image\" alt=\"\" style=\"object-fit:cover;\" \/><\/figure>","protected":false},"excerpt":{"rendered":"<p>La Administraci\u00f3n Nacional Oce\u00e1nica y Atmosf\u00e9rica (NOAA) y el Old Farmer\u2019s Almanac han publicado sus predicciones para la primavera de 2025. Ambos coinciden en que las temperaturas ser\u00e1n m\u00e1s c\u00e1lidas [&hellip;]<\/p>\n","protected":false},"author":1,"featured_media":1496,"comment_status":"open","ping_status":"open","sticky":false,"template":"","format":"standard","meta":{"footnotes":""},"categories":[81],"tags":[],"class_list":["post-1495","post","type-post","status-publish","format-standard","has-post-thumbnail","hentry","category-essentials"],"_links":{"self":[{"href":"https:\/\/news.jmprocommunitymedia.org\/index.php?rest_route=\/wp\/v2\/posts\/1495","targetHints":{"allow":["GET"]}}],"collection":[{"href":"https:\/\/news.jmprocommunitymedia.org\/index.php?rest_route=\/wp\/v2\/posts"}],"about":[{"href":"https:\/\/news.jmprocommunitymedia.org\/index.php?rest_route=\/wp\/v2\/types\/post"}],"author":[{"embeddable":true,"href":"https:\/\/news.jmprocommunitymedia.org\/index.php?rest_route=\/wp\/v2\/users\/1"}],"replies":[{"embeddable":true,"href":"https:\/\/news.jmprocommunitymedia.org\/index.php?rest_route=%2Fwp%2Fv2%2Fcomments&post=1495"}],"version-history":[{"count":1,"href":"https:\/\/news.jmprocommunitymedia.org\/index.php?rest_route=\/wp\/v2\/posts\/1495\/revisions"}],"predecessor-version":[{"id":1497,"href":"https:\/\/news.jmprocommunitymedia.org\/index.php?rest_route=\/wp\/v2\/posts\/1495\/revisions\/1497"}],"wp:featuredmedia":[{"embeddable":true,"href":"https:\/\/news.jmprocommunitymedia.org\/index.php?rest_route=\/wp\/v2\/media\/1496"}],"wp:attachment":[{"href":"https:\/\/news.jmprocommunitymedia.org\/index.php?rest_route=%2Fwp%2Fv2%2Fmedia&parent=1495"}],"wp:term":[{"taxonomy":"category","embeddable":true,"href":"https:\/\/news.jmprocommunitymedia.org\/index.php?rest_route=%2Fwp%2Fv2%2Fcategories&post=1495"},{"taxonomy":"post_tag","embeddable":true,"href":"https:\/\/news.jmprocommunitymedia.org\/index.php?rest_route=%2Fwp%2Fv2%2Ftags&post=1495"}],"curies":[{"name":"wp","href":"https:\/\/api.w.org\/{rel}","templated":true}]}}