{"id":1491,"date":"2025-02-06T19:40:45","date_gmt":"2025-02-06T19:40:45","guid":{"rendered":"https:\/\/news.jmprocommunitymedia.org\/?p=1491"},"modified":"2025-02-06T19:40:46","modified_gmt":"2025-02-06T19:40:46","slug":"el-desempleo-en-buncombe-baja-al-6-pero-sigue-siendo-alto-tras-helene","status":"publish","type":"post","link":"https:\/\/news.jmprocommunitymedia.org\/?p=1491","title":{"rendered":"El desempleo en Buncombe baja al 6%, pero sigue siendo alto tras Helene"},"content":{"rendered":"\n<p><em>La tasa de desempleo en el condado de Buncombe disminuy\u00f3 en diciembre al 6%, seg\u00fan datos del Departamento de Comercio de Carolina del Norte. Sin embargo, sigue siendo una de las m\u00e1s altas del estado tras el impacto de la tormenta tropical Helene.<\/em><\/p>\n\n\n\n<p><em>El condado de Mitchell, que tuvo el mayor desempleo en noviembre con 9.1%, baj\u00f3 a 7.3% en diciembre. Le siguen Madison y Buncombe con 6%. La tasa estatal fue del 3.4%.<\/em><\/p>\n\n\n\n<p><em>Antes de Helene, Buncombe ten\u00eda el desempleo m\u00e1s bajo del estado, con un 2.5% en septiembre. Tras la tormenta, subi\u00f3 al 10.4% en octubre.&nbsp;<\/em><\/p>\n\n\n\n<p><em>\u00bfQui\u00e9nes se pueden beneficiar o afectar?<\/em><em><br><\/em><em>Las industrias de la construcci\u00f3n podr\u00edan ver m\u00e1s empleo, pero los trabajos en el sector de servicios han disminuido, afectando a muchos trabajadores locales, indic\u00f3 el Departamento de Comercio de Carolina del Norte al medio local Citizen Times.<\/em><\/p>\n\n\n<figure class=\"wp-block-post-featured-image\"><img fetchpriority=\"high\" decoding=\"async\" width=\"560\" height=\"370\" src=\"https:\/\/news.jmprocommunitymedia.org\/wp-content\/uploads\/2025\/02\/78182102007-0131-helene-25-560x370.webp\" class=\"attachment-post-thumbnail size-post-thumbnail wp-post-image\" alt=\"\" style=\"object-fit:cover;\" \/><\/figure>\n\n<figure class=\"wp-block-post-featured-image\"><img fetchpriority=\"high\" decoding=\"async\" width=\"560\" height=\"370\" src=\"https:\/\/news.jmprocommunitymedia.org\/wp-content\/uploads\/2025\/02\/78182102007-0131-helene-25-560x370.webp\" class=\"attachment-post-thumbnail size-post-thumbnail wp-post-image\" alt=\"\" style=\"object-fit:cover;\" \/><\/figure>","protected":false},"excerpt":{"rendered":"<p>La tasa de desempleo en el condado de Buncombe disminuy\u00f3 en diciembre al 6%, seg\u00fan datos del Departamento de Comercio de Carolina del Norte. Sin embargo, sigue siendo una de [&hellip;]<\/p>\n","protected":false},"author":1,"featured_media":1492,"comment_status":"open","ping_status":"open","sticky":false,"template":"","format":"standard","meta":{"footnotes":""},"categories":[1],"tags":[],"class_list":["post-1491","post","type-post","status-publish","format-standard","has-post-thumbnail","hentry","category-uncategorized"],"_links":{"self":[{"href":"https:\/\/news.jmprocommunitymedia.org\/index.php?rest_route=\/wp\/v2\/posts\/1491","targetHints":{"allow":["GET"]}}],"collection":[{"href":"https:\/\/news.jmprocommunitymedia.org\/index.php?rest_route=\/wp\/v2\/posts"}],"about":[{"href":"https:\/\/news.jmprocommunitymedia.org\/index.php?rest_route=\/wp\/v2\/types\/post"}],"author":[{"embeddable":true,"href":"https:\/\/news.jmprocommunitymedia.org\/index.php?rest_route=\/wp\/v2\/users\/1"}],"replies":[{"embeddable":true,"href":"https:\/\/news.jmprocommunitymedia.org\/index.php?rest_route=%2Fwp%2Fv2%2Fcomments&post=1491"}],"version-history":[{"count":1,"href":"https:\/\/news.jmprocommunitymedia.org\/index.php?rest_route=\/wp\/v2\/posts\/1491\/revisions"}],"predecessor-version":[{"id":1494,"href":"https:\/\/news.jmprocommunitymedia.org\/index.php?rest_route=\/wp\/v2\/posts\/1491\/revisions\/1494"}],"wp:featuredmedia":[{"embeddable":true,"href":"https:\/\/news.jmprocommunitymedia.org\/index.php?rest_route=\/wp\/v2\/media\/1492"}],"wp:attachment":[{"href":"https:\/\/news.jmprocommunitymedia.org\/index.php?rest_route=%2Fwp%2Fv2%2Fmedia&parent=1491"}],"wp:term":[{"taxonomy":"category","embeddable":true,"href":"https:\/\/news.jmprocommunitymedia.org\/index.php?rest_route=%2Fwp%2Fv2%2Fcategories&post=1491"},{"taxonomy":"post_tag","embeddable":true,"href":"https:\/\/news.jmprocommunitymedia.org\/index.php?rest_route=%2Fwp%2Fv2%2Ftags&post=1491"}],"curies":[{"name":"wp","href":"https:\/\/api.w.org\/{rel}","templated":true}]}}