{"id":1485,"date":"2025-02-05T19:36:14","date_gmt":"2025-02-05T19:36:14","guid":{"rendered":"https:\/\/news.jmprocommunitymedia.org\/?p=1485"},"modified":"2025-02-06T19:39:08","modified_gmt":"2025-02-06T19:39:08","slug":"se-extiende-la-fecha-limite-para-la-asistencia-de-desempleo-por-desastre-en-carolina-del-norte","status":"publish","type":"post","link":"https:\/\/news.jmprocommunitymedia.org\/?p=1485","title":{"rendered":"Se extiende la fecha l\u00edmite para la Asistencia de Desempleo por Desastre en Carolina del Norte"},"content":{"rendered":"\n<p>Desde Raleigh, N.C., la C\u00e1mara de Comercio de Carolina del Norte anunci\u00f3 el 4 de febrero que la fecha l\u00edmite para solicitar la Asistencia de Desempleo por Desastre (DUA) se ha extendido hasta el 10 de marzo de 2025. Esta decisi\u00f3n sigue la reciente pr\u00f3rroga de FEMA para la asistencia federal, brindando m\u00e1s tiempo a los residentes afectados por el hurac\u00e1n Helene para solicitar apoyo financiero.<br>Los beneficios de DUA est\u00e1n disponibles en 39 condados y en la Banda Oriental de los Indios Cherokee. Las personas elegibles incluyen trabajadores desempleados como resultado directo del hurac\u00e1n Helene y due\u00f1os de negocios afectados por la tormenta.<br>La asistencia abarca semanas de desempleo desde el 29 de septiembre de 2024, y puede extenderse hasta el 29 de marzo de 2025, siempre que los solicitantes sigan cumpliendo con los criterios de elegibilidad semanal.<br>Las solicitudes pueden presentarse en l\u00ednea a trav\u00e9s del portal oficial: des.nc.gov.<br><br>\u00bfQui\u00e9nes se pueden beneficiar o afectar?<br>Beneficiarios:<br>Trabajadores desempleados debido a los efectos del hurac\u00e1n Helene.<br>Due\u00f1os de negocios afectados por la tormenta.<br>Afectados:<br>Personas que no cumplan los criterios de elegibilidad semanal para recibir el beneficio.<br><br>Fechas clave:<br>6 de febrero de 2025: Fecha l\u00edmite inicial.<br>10 de marzo de 2025: Nueva fecha l\u00edmite para solicitar asistencia.<br>29 de marzo de 2025: Fecha m\u00e1xima de cobertura de las semanas de desempleo bajo el programa DUA.<br>Se extiende la fecha l\u00edmite para la Asistencia de Desempleo por Desastre en Carolina del Norte<\/p>\n\n\n<figure class=\"wp-block-post-featured-image\"><img fetchpriority=\"high\" decoding=\"async\" width=\"560\" height=\"370\" src=\"https:\/\/news.jmprocommunitymedia.org\/wp-content\/uploads\/2025\/02\/fema1-560x370.jpg\" class=\"attachment-post-thumbnail size-post-thumbnail wp-post-image\" alt=\"\" style=\"object-fit:cover;\" \/><\/figure>","protected":false},"excerpt":{"rendered":"<p>Desde Raleigh, N.C., la C\u00e1mara de Comercio de Carolina del Norte anunci\u00f3 el 4 de febrero que la fecha l\u00edmite para solicitar la Asistencia de Desempleo por Desastre (DUA) se [&hellip;]<\/p>\n","protected":false},"author":1,"featured_media":1486,"comment_status":"open","ping_status":"open","sticky":false,"template":"","format":"standard","meta":{"footnotes":""},"categories":[1],"tags":[],"class_list":["post-1485","post","type-post","status-publish","format-standard","has-post-thumbnail","hentry","category-uncategorized"],"_links":{"self":[{"href":"https:\/\/news.jmprocommunitymedia.org\/index.php?rest_route=\/wp\/v2\/posts\/1485","targetHints":{"allow":["GET"]}}],"collection":[{"href":"https:\/\/news.jmprocommunitymedia.org\/index.php?rest_route=\/wp\/v2\/posts"}],"about":[{"href":"https:\/\/news.jmprocommunitymedia.org\/index.php?rest_route=\/wp\/v2\/types\/post"}],"author":[{"embeddable":true,"href":"https:\/\/news.jmprocommunitymedia.org\/index.php?rest_route=\/wp\/v2\/users\/1"}],"replies":[{"embeddable":true,"href":"https:\/\/news.jmprocommunitymedia.org\/index.php?rest_route=%2Fwp%2Fv2%2Fcomments&post=1485"}],"version-history":[{"count":1,"href":"https:\/\/news.jmprocommunitymedia.org\/index.php?rest_route=\/wp\/v2\/posts\/1485\/revisions"}],"predecessor-version":[{"id":1487,"href":"https:\/\/news.jmprocommunitymedia.org\/index.php?rest_route=\/wp\/v2\/posts\/1485\/revisions\/1487"}],"wp:featuredmedia":[{"embeddable":true,"href":"https:\/\/news.jmprocommunitymedia.org\/index.php?rest_route=\/wp\/v2\/media\/1486"}],"wp:attachment":[{"href":"https:\/\/news.jmprocommunitymedia.org\/index.php?rest_route=%2Fwp%2Fv2%2Fmedia&parent=1485"}],"wp:term":[{"taxonomy":"category","embeddable":true,"href":"https:\/\/news.jmprocommunitymedia.org\/index.php?rest_route=%2Fwp%2Fv2%2Fcategories&post=1485"},{"taxonomy":"post_tag","embeddable":true,"href":"https:\/\/news.jmprocommunitymedia.org\/index.php?rest_route=%2Fwp%2Fv2%2Ftags&post=1485"}],"curies":[{"name":"wp","href":"https:\/\/api.w.org\/{rel}","templated":true}]}}