{"id":1476,"date":"2025-02-05T19:31:17","date_gmt":"2025-02-05T19:31:17","guid":{"rendered":"https:\/\/news.jmprocommunitymedia.org\/?p=1476"},"modified":"2025-02-06T19:39:29","modified_gmt":"2025-02-06T19:39:29","slug":"protesta-en-asheville-liderada-por-hermanos-latinos-contra-politicas-migratorias-de-trump","status":"publish","type":"post","link":"https:\/\/news.jmprocommunitymedia.org\/?p=1476","title":{"rendered":"Protesta en Asheville liderada por hermanos latinos contra pol\u00edticas migratorias de Trump"},"content":{"rendered":"\n<p>Dos hermanos, Karen y V\u00edctor Quebrado P\u00e9rez, declararon para la plataforma ABC 13 NEWS como organizaron una manifestaci\u00f3n en el centro de Asheville para visibilizar la importancia de la comunidad latina y rechazar las pol\u00edticas migratorias del expresidente Donald Trump.<br>La protesta reuni\u00f3 a unas 300 personas, quienes marcharon pac\u00edficamente mostrando su apoyo al mensaje de los organizadores: &#8220;Nosotros importamos&#8221;.<br>Karen y V\u00edctor expresaron su preocupaci\u00f3n por el impacto de las pol\u00edticas migratorias en familias latinas, recordando el miedo que vivieron de ni\u00f1os ante posibles deportaciones de sus padres.<br>Fechas claves:<br>Pr\u00f3ximas manifestaciones y planes: Los organizadores planean seguir realizando protestas y eventualmente formar una organizaci\u00f3n sin fines de lucro para apoyar a la comunidad latina<br>&#8216;We matter&#8217;: Sibling duo leads Asheville protest against Trump immigration policies<\/p>\n\n\n<figure class=\"wp-block-post-featured-image\"><img fetchpriority=\"high\" decoding=\"async\" width=\"560\" height=\"370\" src=\"https:\/\/news.jmprocommunitymedia.org\/wp-content\/uploads\/2025\/02\/hq720-560x370.jpg\" class=\"attachment-post-thumbnail size-post-thumbnail wp-post-image\" alt=\"\" style=\"object-fit:cover;\" \/><\/figure>\n\n<figure class=\"wp-block-post-featured-image\"><img fetchpriority=\"high\" decoding=\"async\" width=\"560\" height=\"370\" src=\"https:\/\/news.jmprocommunitymedia.org\/wp-content\/uploads\/2025\/02\/hq720-560x370.jpg\" class=\"attachment-post-thumbnail size-post-thumbnail wp-post-image\" alt=\"\" style=\"object-fit:cover;\" \/><\/figure>","protected":false},"excerpt":{"rendered":"<p>Dos hermanos, Karen y V\u00edctor Quebrado P\u00e9rez, declararon para la plataforma ABC 13 NEWS como organizaron una manifestaci\u00f3n en el centro de Asheville para visibilizar la importancia de la comunidad [&hellip;]<\/p>\n","protected":false},"author":1,"featured_media":1477,"comment_status":"open","ping_status":"open","sticky":false,"template":"","format":"standard","meta":{"footnotes":""},"categories":[1],"tags":[],"class_list":["post-1476","post","type-post","status-publish","format-standard","has-post-thumbnail","hentry","category-uncategorized"],"_links":{"self":[{"href":"https:\/\/news.jmprocommunitymedia.org\/index.php?rest_route=\/wp\/v2\/posts\/1476","targetHints":{"allow":["GET"]}}],"collection":[{"href":"https:\/\/news.jmprocommunitymedia.org\/index.php?rest_route=\/wp\/v2\/posts"}],"about":[{"href":"https:\/\/news.jmprocommunitymedia.org\/index.php?rest_route=\/wp\/v2\/types\/post"}],"author":[{"embeddable":true,"href":"https:\/\/news.jmprocommunitymedia.org\/index.php?rest_route=\/wp\/v2\/users\/1"}],"replies":[{"embeddable":true,"href":"https:\/\/news.jmprocommunitymedia.org\/index.php?rest_route=%2Fwp%2Fv2%2Fcomments&post=1476"}],"version-history":[{"count":1,"href":"https:\/\/news.jmprocommunitymedia.org\/index.php?rest_route=\/wp\/v2\/posts\/1476\/revisions"}],"predecessor-version":[{"id":1478,"href":"https:\/\/news.jmprocommunitymedia.org\/index.php?rest_route=\/wp\/v2\/posts\/1476\/revisions\/1478"}],"wp:featuredmedia":[{"embeddable":true,"href":"https:\/\/news.jmprocommunitymedia.org\/index.php?rest_route=\/wp\/v2\/media\/1477"}],"wp:attachment":[{"href":"https:\/\/news.jmprocommunitymedia.org\/index.php?rest_route=%2Fwp%2Fv2%2Fmedia&parent=1476"}],"wp:term":[{"taxonomy":"category","embeddable":true,"href":"https:\/\/news.jmprocommunitymedia.org\/index.php?rest_route=%2Fwp%2Fv2%2Fcategories&post=1476"},{"taxonomy":"post_tag","embeddable":true,"href":"https:\/\/news.jmprocommunitymedia.org\/index.php?rest_route=%2Fwp%2Fv2%2Ftags&post=1476"}],"curies":[{"name":"wp","href":"https:\/\/api.w.org\/{rel}","templated":true}]}}