{"id":1473,"date":"2025-02-05T19:29:51","date_gmt":"2025-02-05T19:29:51","guid":{"rendered":"https:\/\/news.jmprocommunitymedia.org\/?p=1473"},"modified":"2025-02-06T19:39:38","modified_gmt":"2025-02-06T19:39:38","slug":"cientos-de-personas-protestan-en-asheville-contra-la-politica-migratoria-de-trump","status":"publish","type":"post","link":"https:\/\/news.jmprocommunitymedia.org\/?p=1473","title":{"rendered":"Cientos de personas protestan en Asheville contra la pol\u00edtica migratoria de Trump"},"content":{"rendered":"\n<p>La manifestaci\u00f3n, que reuni\u00f3 a cerca de 300 personas, se llev\u00f3 a cabo sin incidentes y finaliz\u00f3 en Pack Square Park, evidenciando el rechazo hacia las pol\u00edticas migratorias del expresidente Donald Trump.<br>Alrededor de 300 manifestantes marcharon por las calles del centro de Asheville para expresar su rechazo a las pol\u00edticas migratorias del expresidente Donald Trump y al ICE. Los participantes portaron carteles con mensajes como &#8220;Nosotros, los inmigrantes, hacemos grande a Estados Unidos&#8221; y &#8220;La migraci\u00f3n no es un delito&#8221;.<br>La marcha, que bloque\u00f3 temporalmente Patton y Broadway, concluy\u00f3 sin incidentes en Pack Square Park a las 8:45 p.m.<br><br>Fechas claves:<br>Las protestas se replicaron el mismo d\u00eda en ciudades como Los \u00c1ngeles, San Francisco, Pittsburgh y Houston, en el marco del &#8220;D\u00eda Nacional sin Inmigrantes&#8221;<br>Hundreds attend Asheville rally against Trump immigration policy<\/p>\n\n\n<figure class=\"wp-block-post-featured-image\"><img fetchpriority=\"high\" decoding=\"async\" width=\"560\" height=\"370\" src=\"https:\/\/news.jmprocommunitymedia.org\/wp-content\/uploads\/2025\/02\/descarga-560x370.jpg\" class=\"attachment-post-thumbnail size-post-thumbnail wp-post-image\" alt=\"\" style=\"object-fit:cover;\" \/><\/figure>\n\n<figure class=\"wp-block-post-featured-image\"><img fetchpriority=\"high\" decoding=\"async\" width=\"560\" height=\"370\" src=\"https:\/\/news.jmprocommunitymedia.org\/wp-content\/uploads\/2025\/02\/descarga-560x370.jpg\" class=\"attachment-post-thumbnail size-post-thumbnail wp-post-image\" alt=\"\" style=\"object-fit:cover;\" \/><\/figure>","protected":false},"excerpt":{"rendered":"<p>La manifestaci\u00f3n, que reuni\u00f3 a cerca de 300 personas, se llev\u00f3 a cabo sin incidentes y finaliz\u00f3 en Pack Square Park, evidenciando el rechazo hacia las pol\u00edticas migratorias del expresidente [&hellip;]<\/p>\n","protected":false},"author":1,"featured_media":1474,"comment_status":"open","ping_status":"open","sticky":false,"template":"","format":"standard","meta":{"footnotes":""},"categories":[1],"tags":[],"class_list":["post-1473","post","type-post","status-publish","format-standard","has-post-thumbnail","hentry","category-uncategorized"],"_links":{"self":[{"href":"https:\/\/news.jmprocommunitymedia.org\/index.php?rest_route=\/wp\/v2\/posts\/1473","targetHints":{"allow":["GET"]}}],"collection":[{"href":"https:\/\/news.jmprocommunitymedia.org\/index.php?rest_route=\/wp\/v2\/posts"}],"about":[{"href":"https:\/\/news.jmprocommunitymedia.org\/index.php?rest_route=\/wp\/v2\/types\/post"}],"author":[{"embeddable":true,"href":"https:\/\/news.jmprocommunitymedia.org\/index.php?rest_route=\/wp\/v2\/users\/1"}],"replies":[{"embeddable":true,"href":"https:\/\/news.jmprocommunitymedia.org\/index.php?rest_route=%2Fwp%2Fv2%2Fcomments&post=1473"}],"version-history":[{"count":1,"href":"https:\/\/news.jmprocommunitymedia.org\/index.php?rest_route=\/wp\/v2\/posts\/1473\/revisions"}],"predecessor-version":[{"id":1475,"href":"https:\/\/news.jmprocommunitymedia.org\/index.php?rest_route=\/wp\/v2\/posts\/1473\/revisions\/1475"}],"wp:featuredmedia":[{"embeddable":true,"href":"https:\/\/news.jmprocommunitymedia.org\/index.php?rest_route=\/wp\/v2\/media\/1474"}],"wp:attachment":[{"href":"https:\/\/news.jmprocommunitymedia.org\/index.php?rest_route=%2Fwp%2Fv2%2Fmedia&parent=1473"}],"wp:term":[{"taxonomy":"category","embeddable":true,"href":"https:\/\/news.jmprocommunitymedia.org\/index.php?rest_route=%2Fwp%2Fv2%2Fcategories&post=1473"},{"taxonomy":"post_tag","embeddable":true,"href":"https:\/\/news.jmprocommunitymedia.org\/index.php?rest_route=%2Fwp%2Fv2%2Ftags&post=1473"}],"curies":[{"name":"wp","href":"https:\/\/api.w.org\/{rel}","templated":true}]}}