{"id":1309,"date":"2025-01-26T22:30:30","date_gmt":"2025-01-26T22:30:30","guid":{"rendered":"https:\/\/news.jmprocommunitymedia.org\/?p=1309"},"modified":"2025-05-05T20:20:22","modified_gmt":"2025-05-05T20:20:22","slug":"aumento-del-seguro-para-propietarios-en-carolina-del-norte-que-significa-para-ti","status":"publish","type":"post","link":"https:\/\/news.jmprocommunitymedia.org\/?p=1309","title":{"rendered":"Aumento del seguro para propietarios en Carolina del Norte: \u00bfqu\u00e9 significa para ti?"},"content":{"rendered":"\n<p><em>A partir de junio de 2025, las tarifas del seguro para propietarios de viviendas en Carolina del Norte aumentar\u00e1n progresivamente. Aunque el incremento ser\u00e1 menor al inicialmente propuesto, muchas familias tendr\u00e1n que ajustar sus presupuestos. Este ajuste podr\u00eda afectar tanto a los bolsillos como a la tranquilidad de los propietarios.<\/em><\/p>\n\n\n\n<p><em>Desarrollo o ampliaci\u00f3n<\/em><em><br><\/em><em>El Comisionado de Seguros, Mike Causey, anunci\u00f3, el pasado 17 de enero, un aumento escalonado del 8.9% en dos a\u00f1os para las tarifas del seguro base. Esto es considerablemente m\u00e1s bajo que el 21% propuesto en 2024. <\/em><em><br><\/em><em><br><\/em><em>En t\u00e9rminos pr\u00e1cticos, las tarifas subir\u00e1n un 4.4% en 2025 y un 4.5% en 2026. Este cambio ahorrar\u00e1 a los residentes unos $777 millones en total. Sin embargo, los costos adicionales de la industria de seguros, como la inflaci\u00f3n en la construcci\u00f3n y los da\u00f1os clim\u00e1ticos, podr\u00edan generar nuevos aumentos en el futuro.<\/em><\/p>\n\n\n\n<p><em>\u00bfQui\u00e9nes se pueden beneficiar o afectar?<\/em><em><br><\/em><em>Este incremento impactar\u00e1 a los propietarios de viviendas, especialmente a quienes viven en \u00e1reas vulnerables como Asheville y el oeste de Carolina del Norte. Sin embargo, las tarifas m\u00e1s bajas de lo esperado representan un alivio para muchas familias que tem\u00edan un ajuste mayor. Por otro lado, las comunidades costeras enfrentan incrementos m\u00e1s pronunciados, lo que podr\u00eda dificultar su recuperaci\u00f3n ante tormentas como Helene.<\/em><\/p>\n\n\n\n<p><em>Fechas claves<\/em><em><br><\/em><em>El primer aumento entra en vigor el 1 de junio de 2025, seguido del segundo el 1 de junio de 2026. Este acuerdo congela nuevas propuestas de ajustes hasta 2027.<\/em><\/p>\n\n\n<figure class=\"wp-block-post-featured-image\"><img fetchpriority=\"high\" decoding=\"async\" width=\"560\" height=\"370\" src=\"https:\/\/news.jmprocommunitymedia.org\/wp-content\/uploads\/2025\/01\/77433346007-0102-westavl-11-560x370.webp\" class=\"attachment-post-thumbnail size-post-thumbnail wp-post-image\" alt=\"\" style=\"object-fit:cover;\" \/><\/figure>\n\n<figure class=\"wp-block-post-featured-image\"><img fetchpriority=\"high\" decoding=\"async\" width=\"560\" height=\"370\" src=\"https:\/\/news.jmprocommunitymedia.org\/wp-content\/uploads\/2025\/01\/77433346007-0102-westavl-11-560x370.webp\" class=\"attachment-post-thumbnail size-post-thumbnail wp-post-image\" alt=\"\" style=\"object-fit:cover;\" \/><\/figure>","protected":false},"excerpt":{"rendered":"<p>A partir de junio de 2025, las tarifas del seguro para propietarios de viviendas en Carolina del Norte aumentar\u00e1n progresivamente. Aunque el incremento ser\u00e1 menor al inicialmente propuesto, muchas familias [&hellip;]<\/p>\n","protected":false},"author":1,"featured_media":1310,"comment_status":"open","ping_status":"open","sticky":false,"template":"","format":"standard","meta":{"footnotes":""},"categories":[90],"tags":[],"class_list":["post-1309","post","type-post","status-publish","format-standard","has-post-thumbnail","hentry","category-housing"],"_links":{"self":[{"href":"https:\/\/news.jmprocommunitymedia.org\/index.php?rest_route=\/wp\/v2\/posts\/1309","targetHints":{"allow":["GET"]}}],"collection":[{"href":"https:\/\/news.jmprocommunitymedia.org\/index.php?rest_route=\/wp\/v2\/posts"}],"about":[{"href":"https:\/\/news.jmprocommunitymedia.org\/index.php?rest_route=\/wp\/v2\/types\/post"}],"author":[{"embeddable":true,"href":"https:\/\/news.jmprocommunitymedia.org\/index.php?rest_route=\/wp\/v2\/users\/1"}],"replies":[{"embeddable":true,"href":"https:\/\/news.jmprocommunitymedia.org\/index.php?rest_route=%2Fwp%2Fv2%2Fcomments&post=1309"}],"version-history":[{"count":1,"href":"https:\/\/news.jmprocommunitymedia.org\/index.php?rest_route=\/wp\/v2\/posts\/1309\/revisions"}],"predecessor-version":[{"id":1311,"href":"https:\/\/news.jmprocommunitymedia.org\/index.php?rest_route=\/wp\/v2\/posts\/1309\/revisions\/1311"}],"wp:featuredmedia":[{"embeddable":true,"href":"https:\/\/news.jmprocommunitymedia.org\/index.php?rest_route=\/wp\/v2\/media\/1310"}],"wp:attachment":[{"href":"https:\/\/news.jmprocommunitymedia.org\/index.php?rest_route=%2Fwp%2Fv2%2Fmedia&parent=1309"}],"wp:term":[{"taxonomy":"category","embeddable":true,"href":"https:\/\/news.jmprocommunitymedia.org\/index.php?rest_route=%2Fwp%2Fv2%2Fcategories&post=1309"},{"taxonomy":"post_tag","embeddable":true,"href":"https:\/\/news.jmprocommunitymedia.org\/index.php?rest_route=%2Fwp%2Fv2%2Ftags&post=1309"}],"curies":[{"name":"wp","href":"https:\/\/api.w.org\/{rel}","templated":true}]}}