{"id":1306,"date":"2025-01-26T22:27:32","date_gmt":"2025-01-26T22:27:32","guid":{"rendered":"https:\/\/news.jmprocommunitymedia.org\/?p=1306"},"modified":"2025-05-05T20:16:57","modified_gmt":"2025-05-05T20:16:57","slug":"asheville-considera-cambios-en-su-ordenanza-de-desarrollo-unificado","status":"publish","type":"post","link":"https:\/\/news.jmprocommunitymedia.org\/?p=1306","title":{"rendered":"Asheville considera cambios en su Ordenanza de Desarrollo Unificado"},"content":{"rendered":"\n<p><em>La ciudad de Asheville est\u00e1 revisando su Ordenanza de Desarrollo Unificado (UDO) para hacer ajustes en la zonificaci\u00f3n comercial, normas de estacionamiento y umbrales de desarrollo en \u00e1reas de apoyo al tr\u00e1nsito.<\/em><\/p>\n\n\n\n<p><em>Desarrollo o ampliaci\u00f3n:<\/em><em><br><\/em><em>Estos cambios tienen como objetivo mejorar la infraestructura y apoyar un desarrollo m\u00e1s organizado y accesible en la ciudad. Se est\u00e1 invitando a la comunidad a participar en dos sesiones informativas para conocer m\u00e1s detalles y expresar sus opiniones.<\/em><\/p>\n\n\n\n<p><em>\u00bfQui\u00e9nes podr\u00edan asistir?:<\/em><em><br><\/em><em>Residentes, propietarios de negocios y cualquier persona interesada en el desarrollo urbano de Asheville, especialmente aquellos afectados por las normativas de zonificaci\u00f3n y estacionamiento.<\/em><\/p>\n\n\n\n<p><em>Fechas claves:<\/em><em><br><\/em><em>La sesi\u00f3n presencial ser\u00e1 el 30 de enero, de 5:30 p.m. a 6:30 p.m., en 161 S Charlotte St. Mientras que la sesi\u00f3n virtual ser\u00e1 el 31 de enero, de 1:00 p.m. a 2:00 p.m.<\/em><\/p>\n\n\n\n<p><em>Los perjudica o beneficia a la comunidad latina:<\/em><em><br><\/em><em>Los cambios en la zonificaci\u00f3n y el desarrollo pueden beneficiar a la comunidad latina al mejorar el acceso a espacios comerciales y la infraestructura, aunque podr\u00edan generar preocupaciones si no se consideran adecuadamente las necesidades de los residentes latinos.<\/em><\/p>\n\n\n<figure class=\"wp-block-post-featured-image\"><img fetchpriority=\"high\" decoding=\"async\" width=\"560\" height=\"370\" src=\"https:\/\/news.jmprocommunitymedia.org\/wp-content\/uploads\/2025\/01\/474760408_1093732899464545_4073443616755412415_n-560x370.jpg\" class=\"attachment-post-thumbnail size-post-thumbnail wp-post-image\" alt=\"\" style=\"object-fit:cover;\" \/><\/figure>","protected":false},"excerpt":{"rendered":"<p>La ciudad de Asheville est\u00e1 revisando su Ordenanza de Desarrollo Unificado (UDO) para hacer ajustes en la zonificaci\u00f3n comercial, normas de estacionamiento y umbrales de desarrollo en \u00e1reas de apoyo [&hellip;]<\/p>\n","protected":false},"author":1,"featured_media":1307,"comment_status":"open","ping_status":"open","sticky":false,"template":"","format":"standard","meta":{"footnotes":""},"categories":[90,91],"tags":[],"class_list":["post-1306","post","type-post","status-publish","format-standard","has-post-thumbnail","hentry","category-housing","category-transportation"],"_links":{"self":[{"href":"https:\/\/news.jmprocommunitymedia.org\/index.php?rest_route=\/wp\/v2\/posts\/1306","targetHints":{"allow":["GET"]}}],"collection":[{"href":"https:\/\/news.jmprocommunitymedia.org\/index.php?rest_route=\/wp\/v2\/posts"}],"about":[{"href":"https:\/\/news.jmprocommunitymedia.org\/index.php?rest_route=\/wp\/v2\/types\/post"}],"author":[{"embeddable":true,"href":"https:\/\/news.jmprocommunitymedia.org\/index.php?rest_route=\/wp\/v2\/users\/1"}],"replies":[{"embeddable":true,"href":"https:\/\/news.jmprocommunitymedia.org\/index.php?rest_route=%2Fwp%2Fv2%2Fcomments&post=1306"}],"version-history":[{"count":1,"href":"https:\/\/news.jmprocommunitymedia.org\/index.php?rest_route=\/wp\/v2\/posts\/1306\/revisions"}],"predecessor-version":[{"id":1308,"href":"https:\/\/news.jmprocommunitymedia.org\/index.php?rest_route=\/wp\/v2\/posts\/1306\/revisions\/1308"}],"wp:featuredmedia":[{"embeddable":true,"href":"https:\/\/news.jmprocommunitymedia.org\/index.php?rest_route=\/wp\/v2\/media\/1307"}],"wp:attachment":[{"href":"https:\/\/news.jmprocommunitymedia.org\/index.php?rest_route=%2Fwp%2Fv2%2Fmedia&parent=1306"}],"wp:term":[{"taxonomy":"category","embeddable":true,"href":"https:\/\/news.jmprocommunitymedia.org\/index.php?rest_route=%2Fwp%2Fv2%2Fcategories&post=1306"},{"taxonomy":"post_tag","embeddable":true,"href":"https:\/\/news.jmprocommunitymedia.org\/index.php?rest_route=%2Fwp%2Fv2%2Ftags&post=1306"}],"curies":[{"name":"wp","href":"https:\/\/api.w.org\/{rel}","templated":true}]}}