{"id":1281,"date":"2025-01-22T21:43:00","date_gmt":"2025-01-22T21:43:00","guid":{"rendered":"https:\/\/news.jmprocommunitymedia.org\/?p=1281"},"modified":"2025-05-05T20:24:46","modified_gmt":"2025-05-05T20:24:46","slug":"trump-ordena-cambios-en-programas-de-diversidad-del-gobierno-federal","status":"publish","type":"post","link":"https:\/\/news.jmprocommunitymedia.org\/?p=1281","title":{"rendered":"Trump ordena cambios en programas de diversidad del gobierno federal"},"content":{"rendered":"\n<p><em>El presidente Donald Trump orden\u00f3 el martes que todo el personal federal relacionado con diversidad, equidad e inclusi\u00f3n sea puesto en licencia paga y posteriormente despedido.<\/em><\/p>\n\n\n\n<p><em>La decisi\u00f3n se deriva de una orden ejecutiva firmada por el Presidente Trump en su primer d\u00eda en el cargo, que busca eliminar programas de diversidad e inclusi\u00f3n en el gobierno federal. <\/em><em><br><\/em><em>La administraci\u00f3n argumenta que estas acciones forman parte de un esfuerzo para reorganizar prioridades gubernamentales. Sin embargo, cr\u00edticos advierten sobre posibles retrocesos en el apoyo a comunidades vulnerables.<\/em><\/p>\n\n\n<figure class=\"wp-block-post-featured-image\"><img fetchpriority=\"high\" decoding=\"async\" width=\"560\" height=\"370\" src=\"https:\/\/news.jmprocommunitymedia.org\/wp-content\/uploads\/2025\/01\/4b5a49e5-a72e-495d-9ecc-11f6f346feb1-AP25021001857811-560x370.jpg\" class=\"attachment-post-thumbnail size-post-thumbnail wp-post-image\" alt=\"\" style=\"object-fit:cover;\" \/><\/figure>\n\n<figure class=\"wp-block-post-featured-image\"><img fetchpriority=\"high\" decoding=\"async\" width=\"560\" height=\"370\" src=\"https:\/\/news.jmprocommunitymedia.org\/wp-content\/uploads\/2025\/01\/4b5a49e5-a72e-495d-9ecc-11f6f346feb1-AP25021001857811-560x370.jpg\" class=\"attachment-post-thumbnail size-post-thumbnail wp-post-image\" alt=\"\" style=\"object-fit:cover;\" \/><\/figure>","protected":false},"excerpt":{"rendered":"<p>El presidente Donald Trump orden\u00f3 el martes que todo el personal federal relacionado con diversidad, equidad e inclusi\u00f3n sea puesto en licencia paga y posteriormente despedido. La decisi\u00f3n se deriva [&hellip;]<\/p>\n","protected":false},"author":1,"featured_media":1282,"comment_status":"open","ping_status":"open","sticky":false,"template":"","format":"standard","meta":{"footnotes":""},"categories":[89],"tags":[],"class_list":["post-1281","post","type-post","status-publish","format-standard","has-post-thumbnail","hentry","category-document-procedures"],"_links":{"self":[{"href":"https:\/\/news.jmprocommunitymedia.org\/index.php?rest_route=\/wp\/v2\/posts\/1281","targetHints":{"allow":["GET"]}}],"collection":[{"href":"https:\/\/news.jmprocommunitymedia.org\/index.php?rest_route=\/wp\/v2\/posts"}],"about":[{"href":"https:\/\/news.jmprocommunitymedia.org\/index.php?rest_route=\/wp\/v2\/types\/post"}],"author":[{"embeddable":true,"href":"https:\/\/news.jmprocommunitymedia.org\/index.php?rest_route=\/wp\/v2\/users\/1"}],"replies":[{"embeddable":true,"href":"https:\/\/news.jmprocommunitymedia.org\/index.php?rest_route=%2Fwp%2Fv2%2Fcomments&post=1281"}],"version-history":[{"count":1,"href":"https:\/\/news.jmprocommunitymedia.org\/index.php?rest_route=\/wp\/v2\/posts\/1281\/revisions"}],"predecessor-version":[{"id":1283,"href":"https:\/\/news.jmprocommunitymedia.org\/index.php?rest_route=\/wp\/v2\/posts\/1281\/revisions\/1283"}],"wp:featuredmedia":[{"embeddable":true,"href":"https:\/\/news.jmprocommunitymedia.org\/index.php?rest_route=\/wp\/v2\/media\/1282"}],"wp:attachment":[{"href":"https:\/\/news.jmprocommunitymedia.org\/index.php?rest_route=%2Fwp%2Fv2%2Fmedia&parent=1281"}],"wp:term":[{"taxonomy":"category","embeddable":true,"href":"https:\/\/news.jmprocommunitymedia.org\/index.php?rest_route=%2Fwp%2Fv2%2Fcategories&post=1281"},{"taxonomy":"post_tag","embeddable":true,"href":"https:\/\/news.jmprocommunitymedia.org\/index.php?rest_route=%2Fwp%2Fv2%2Ftags&post=1281"}],"curies":[{"name":"wp","href":"https:\/\/api.w.org\/{rel}","templated":true}]}}